	
{"id":16726,"date":"2023-08-08T12:09:08","date_gmt":"2023-08-08T10:09:08","guid":{"rendered":"https:\/\/sdp.si\/wp\/?p=16726"},"modified":"2023-09-25T14:53:21","modified_gmt":"2023-09-25T12:53:21","slug":"sdp-vas-vabi-na-enodnevni-izlet-v-benetke-plavajoce-mesto-na-vodi-z-otoki","status":"publish","type":"post","link":"https:\/\/sdp.si\/wp\/sdp-vas-vabi-na-enodnevni-izlet-v-benetke-plavajoce-mesto-na-vodi-z-otoki\/","title":{"rendered":"SDP vas vabi na enodnevni izlet v Benetke \u2013 plavajo\u010de mesto na vodi z otoki ( rok prijave podalj\u0161an na 13.10.2023)"},"content":{"rendered":"\n<figure class=\"wp-block-image size-large\"><img loading=\"lazy\" decoding=\"async\" width=\"1024\" height=\"640\" src=\"https:\/\/sdp.si\/wp\/wp-content\/uploads\/2023\/08\/slika-1024x640.png\" alt=\"\" class=\"wp-image-16730\" srcset=\"https:\/\/sdp.si\/wp\/wp-content\/uploads\/2023\/08\/slika-1024x640.png 1024w, https:\/\/sdp.si\/wp\/wp-content\/uploads\/2023\/08\/slika-300x188.png 300w, https:\/\/sdp.si\/wp\/wp-content\/uploads\/2023\/08\/slika-768x480.png 768w, https:\/\/sdp.si\/wp\/wp-content\/uploads\/2023\/08\/slika-1536x960.png 1536w, https:\/\/sdp.si\/wp\/wp-content\/uploads\/2023\/08\/slika.png 1920w\" sizes=\"auto, (max-width: 1024px) 100vw, 1024px\" \/><\/figure>\n\n\n\n<p class=\"has-black-color has-text-color wp-block-paragraph\"><strong>Predviden datum odhoda: 20. 10. 2023.<\/strong><\/p>\n\n\n\n<p class=\"wp-block-paragraph\"><strong>Predviden program:<\/strong><\/p>\n\n\n\n<p class=\"wp-block-paragraph\"><a><\/a> V jutranjih urah se bomo zapeljali do pristani\u0161\u010da<\/p>\n\n\n\n<ul class=\"wp-block-list\">\n<li><strong>Punta Sabbioni<\/strong>,<\/li>\n<\/ul>\n\n\n\n<p class=\"has-black-color has-text-color wp-block-paragraph\">kjer se bomo vkrcali na panoramsko ladjico in se prepustili valovom Bene\u0161ke lagune, ki s svojimi kanali, oto\u010dki, mo\u010dvirji in sipinami predstavlja edinstven naravni ambient. Na prvem postanku na<\/p>\n\n\n\n<ul class=\"wp-block-list\">\n<li><strong>otoku Burano<\/strong><\/li>\n<\/ul>\n\n\n\n<p class=\"has-black-color has-text-color wp-block-paragraph\">se nam bo razprostrl pogled na prijetno poslikane ribi\u0161ke in obrtni\u0161ke hi\u0161ice, polne \u010dipkarskih delavnic. Po ogledu tradicionalnega na\u010dina \u0161ivanja \u010dipk in mini nakupih se bomo odpravili na<\/p>\n\n\n\n<ul class=\"wp-block-list\">\n<li><strong>otok<\/strong> <strong>Murano<\/strong>,<\/li>\n<\/ul>\n\n\n\n<p class=\"has-black-color has-text-color wp-block-paragraph\">znan po ve\u010d stoletni obrti oblikovanja muranskega stekla. V steklarskih delavnicah nas bodo ponosno sprejeli, saj svojo tradicijo zelo cenijo. Predstavili nam bodo ustvarjanje umetnin iz pihanega ali vle\u010denega stekla. Mo\u017enost nakupa spominkov. Plovba<\/p>\n\n\n\n<ul class=\"wp-block-list\">\n<li><strong>mimo otoka San<\/strong><strong>Michaele<\/strong><\/li>\n<\/ul>\n\n\n\n<p class=\"has-black-color has-text-color wp-block-paragraph\">in izkrcanje na slovitem<\/p>\n\n\n\n<ul class=\"wp-block-list\">\n<li><strong>trgu Svetega Marka <\/strong>v legendarnem mestu na vodi, <strong>Benetkah<\/strong>.<\/li>\n<\/ul>\n\n\n\n<p class=\"has-black-color has-text-color wp-block-paragraph\"><strong>Mimo \u2018Mostu vzdihljajev\u2019<\/strong> se bomo odpravili proti sredi\u0161\u010du trga, kjer stoji veli\u010dastna Markova bazilika in mogo\u010den stolp z astronomsko uro in \u010drncema, enega \u0161tevilnih simbolov mesta. Sledil bo zunanji ogled najmogo\u010dnej\u0161e in najbolj reprezentativne mestne stavbe, <strong>Do\u017eeve pala\u010de<\/strong>, ki jo je v letih 1574 in 1577 mo\u010dno po\u0161kodoval po\u017ear. Takrat eden najbolj znanih arhitektov, Andrea Palladio, je predlo\u017eil originalen na\u010drt: podrli naj bi srednjeve\u0161ko, z gostim pla\u0161\u010dem obdano stavbo in postavili elegantno, klasi\u010dno renesan\u010dno. Toda zmagali so konservativci in do\u017eevo pala\u010do so v manj kot enem letu spet postavili v starem gotskem slogu. Tak\u0161na stoji \u0161e danes. Ob\u010dudovali bomo tudi 98,6 m visok zvonik <strong>\u2018<\/strong><strong>campanille\u2019<\/strong> in se sprehodili do znamenitega <strong>mostu Rialto. Prosto<\/strong>. Nato se bomo vkrcali na ladjo in zapluli nazaj na Punto Sabbioni, od koder se bomo z avtobusom po isti poti odpeljali proti domu.<\/p>\n\n\n\n<p class=\"has-black-color has-text-color wp-block-paragraph\">Postanke za ve\u010derjo na slovenski strani.<\/p>\n\n\n\n<p class=\"has-black-color has-text-color wp-block-paragraph\">Prihod domov je predviden v poznih ve\u010dernih urah.<\/p>\n\n\n\n<p class=\"has-vivid-red-color has-text-color wp-block-paragraph\"><strong>ZADNJI ROK ZA PRIJAVO PODALJ\u0160AN: 13. 10. 2023, ob prijavi je potrebno pla\u010dati 30,00 EUR, sicer se prijava ne upo\u0161teva, preostanek je potrebno pla\u010dati do 18. 10. 2023.<\/strong><\/p>\n\n\n\n<p class=\"wp-block-paragraph\"><strong>Cena:<\/strong><\/p>\n\n\n\n<figure class=\"wp-block-table\"><table><tbody><tr><td>\u0161t. potnikov<\/td><td>45 in ve\u010d:<\/td><td>44-40<\/td><td>39-35<\/td><\/tr><tr><td>cena v \u20ac<\/td><td>77,00 \u20ac<\/td><td>83,00 \u20ac<\/td><td>90,00 \u20ac<\/td><\/tr><\/tbody><\/table><\/figure>\n\n\n\n<p class=\"has-black-color has-text-color wp-block-paragraph\">Posameznemu \u010dlanu SDP pla\u010da 1\/3 cene izleta. Vra\u010dilo denarja po 15. 9. 2023 ni ve\u010d mo\u017eno, saj to lahko povzro\u010di spremembo cene za vse ostale udele\u017eence potovanja.<\/p>\n\n\n\n<p class=\"has-black-color has-text-color wp-block-paragraph\"><a><\/a><a><\/a> Cena vklju\u010duje:<\/p>\n\n\n\n<ul class=\"wp-block-list\">\n<li>prevoz s turisti\u010dnim avtobusom,<\/li>\n\n\n\n<li><a><\/a> zunanje oglede po programu,<\/li>\n\n\n\n<li><a><\/a> ekolo\u0161ko vstopno takso v Benetke\/Punto Sabbioni za avtobus,<\/li>\n\n\n\n<li><a><\/a> ve\u010derjo \u2013 turisti\u010dni meni,<\/li>\n\n\n\n<li><a><\/a> vo\u017enjo z ladjico po laguni,<\/li>\n\n\n\n<li>turisti\u010dno vodenje,<\/li>\n\n\n\n<li>organizacijo ter ddv.<\/li>\n<\/ul>\n\n\n\n<p class=\"has-black-color has-text-color wp-block-paragraph\">ZBIRANJE PRIJAV:<\/p>\n\n\n\n<p class=\"wp-block-paragraph\">Bo\u017eica Mi\u0107i\u0107 (Okro\u017eno sodi\u0161\u010de v Kranju, gorenjska regija) <a href=\"mailto:bozica.micic@sodisce.si\">bozica.micic@sodisce.si<\/a><\/p>\n\n\n\n<p class=\"wp-block-paragraph\"><a><\/a> Opomba:<\/p>\n\n\n\n<p class=\"has-black-color has-text-color wp-block-paragraph\"><a><\/a> \u2022 Na izletu potrebujete veljaven osebni dokument.<\/p>\n\n\n\n<p class=\"has-black-color has-text-color wp-block-paragraph\"><a><\/a> \u2022 Cena je izra\u010dunana na podlagi \u017eelje zaklju\u010dene skupine in je odvisna od \u0161tevila udele\u017eencev na enem avtobusu.<\/p>\n\n\n\n<p class=\"has-black-color has-text-color wp-block-paragraph\"><a><\/a> \u2022 Kon\u010dna cena se dolo\u010di glede na lestvico opredeljeno v ponudbi. Ob udele\u017ebi manj\u0161ega \u0161tevila oseb, kot je navedeno v programu, se cena sorazmerno povi\u0161a.<\/p>\n\n\n\n<p class=\"has-black-color has-text-color wp-block-paragraph\"><a><\/a> \u2022 V primeru zvi\u0161anja ali uvedbe nove vstopne takse na destinaciji, si agencija pridr\u017euje pravico do naknadnega pora\u010duna tega stro\u0161ka oziroma se dopla\u010da na kraju samem (predvidoma je to lahko do 20,00 \u20ac \/ osebo).<\/p>\n\n\n\n<p class=\"has-black-color has-text-color wp-block-paragraph\"><a><\/a> \u2022 V dr\u017eavah potovanja je potrebno upo\u0161tevati takrat veljavne epidemiolo\u0161ke ukrepe.<\/p>\n\n\n\n<p class=\"has-black-color has-text-color wp-block-paragraph\">\u2022 V skladu z navodili NIJZ je potrebno upo\u0161tevati takrat veljavne takrat veljavni Odlok o omejitvah in na\u010dinu izvajanja prevoza potnikov.<\/p>\n","protected":false},"excerpt":{"rendered":"<p>Predviden datum odhoda: 20. 10. 2023. Predviden program: V jutranjih urah se bomo zapeljali do pristani\u0161\u010da kjer se bomo vkrcali na panoramsko ladjico in se prepustili valovom Bene\u0161ke lagune, ki s svojimi kanali, oto\u010dki, mo\u010dvirji in sipinami predstavlja edinstven naravni&#8230;<\/p>\n","protected":false},"author":1,"featured_media":0,"comment_status":"open","ping_status":"open","sticky":false,"template":"","format":"standard","meta":{"footnotes":""},"categories":[25],"tags":[],"class_list":["post-16726","post","type-post","status-publish","format-standard","hentry","category-novicesdp"],"_links":{"self":[{"href":"https:\/\/sdp.si\/wp\/wp-json\/wp\/v2\/posts\/16726","targetHints":{"allow":["GET"]}}],"collection":[{"href":"https:\/\/sdp.si\/wp\/wp-json\/wp\/v2\/posts"}],"about":[{"href":"https:\/\/sdp.si\/wp\/wp-json\/wp\/v2\/types\/post"}],"author":[{"embeddable":true,"href":"https:\/\/sdp.si\/wp\/wp-json\/wp\/v2\/users\/1"}],"replies":[{"embeddable":true,"href":"https:\/\/sdp.si\/wp\/wp-json\/wp\/v2\/comments?post=16726"}],"version-history":[{"count":4,"href":"https:\/\/sdp.si\/wp\/wp-json\/wp\/v2\/posts\/16726\/revisions"}],"predecessor-version":[{"id":16743,"href":"https:\/\/sdp.si\/wp\/wp-json\/wp\/v2\/posts\/16726\/revisions\/16743"}],"wp:attachment":[{"href":"https:\/\/sdp.si\/wp\/wp-json\/wp\/v2\/media?parent=16726"}],"wp:term":[{"taxonomy":"category","embeddable":true,"href":"https:\/\/sdp.si\/wp\/wp-json\/wp\/v2\/categories?post=16726"},{"taxonomy":"post_tag","embeddable":true,"href":"https:\/\/sdp.si\/wp\/wp-json\/wp\/v2\/tags?post=16726"}],"curies":[{"name":"wp","href":"https:\/\/api.w.org\/{rel}","templated":true}]}}